{"data":"<div class=\"col mb--20 mb-lg--60\" data-animate=\"fadeInUp\">\n        <article class=\"post-box\">\n                        <a href=\"https:\/\/www.hrenko.hu\/blog\/copytrack-felszolitast-kaptam-mit-tegyek\">\n                                <figure  style=\"background-image: url(https:\/\/www.hrenko.hu\/storage\/photos\/shares\/blog\/cl-945x473.jpg)\" >\n                                                <img src=\"https:\/\/www.hrenko.hu\/storage\/photos\/shares\/blog\/cl-945x473.jpg\" alt=\"\" title=\"\" \/>\n                            <\/figure>\n            <\/a>\n            <div class=\"post-box__meta text--sm\">\n                <time datetime=\"2024-02-13 13:49:29\">2024. 02. 13<\/time>\n                <ul class=\"d-inline list-inline mx-2\">\n                                                                        <li class=\"list-inline-item\"><a href=\"https:\/\/www.hrenko.hu\/tag\/stock-foto\">#stock fot\u00f3<\/a><\/li>\n                                                    <li class=\"list-inline-item\"><a href=\"https:\/\/www.hrenko.hu\/tag\/foto\">#fot\u00f3<\/a><\/li>\n                                                    <li class=\"list-inline-item\"><a href=\"https:\/\/www.hrenko.hu\/tag\/stock\">#stock<\/a><\/li>\n                                                            <\/ul>\n            <\/div>\n\n            <a href=\"https:\/\/www.hrenko.hu\/blog\/copytrack-felszolitast-kaptam-mit-tegyek\">\n                <h4 class=\"post-box__title\">Copytrack felsz\u00f3l\u00edt\u00e1st kaptam. Mit tegyek?<\/h4>\n            <\/a>\n            <p> Az elm\u00falt id\u0151szakban egyre t\u00f6bben kaptak fizet\u00e9si felsz\u00f3l\u00edt\u00e1st a weboldalukon megjelen\u0151 k\u00e9pek, grafik\u00e1k kapcs\u00e1n a Copytrackt\u0151l. Nem kell be\u2026ijedni! Higgadtak maradhatunk, ha tudjuk, hogy minek a r\u00e9sz\u00e9t k\u00e9pezi a kapott verdikt.   <a href=\"https:\/\/www.hrenko.hu\/blog\/copytrack-felszolitast-kaptam-mit-tegyek\" class=\"font-weight-bold\">Tov\u00e1bb olvasom<\/a><\/p>\n        <\/article>\n    <\/div>\n    <div class=\"col mb--20 mb-lg--60\" data-animate=\"fadeInUp\">\n        <article class=\"post-box\">\n                        <a href=\"https:\/\/www.hrenko.hu\/blog\/grafikai-es-webdesign-trendek-2024\">\n                                <figure  style=\"background-image: url(https:\/\/www.hrenko.hu\/storage\/photos\/shares\/blog\/lista-design-trend-2024-hrenko-blog.webp)\" >\n                                                <img src=\"https:\/\/www.hrenko.hu\/storage\/photos\/shares\/blog\/lista-design-trend-2024-hrenko-blog.webp\" alt=\"\" title=\"\" \/>\n                            <\/figure>\n            <\/a>\n            <div class=\"post-box__meta text--sm\">\n                <time datetime=\"2024-01-11 11:59:41\">2024. 01. 11<\/time>\n                <ul class=\"d-inline list-inline mx-2\">\n                                                                        <li class=\"list-inline-item\"><a href=\"https:\/\/www.hrenko.hu\/tag\/honlapkeszites\">#honlapk\u00e9sz\u00edt\u00e9s<\/a><\/li>\n                                                    <li class=\"list-inline-item\"><a href=\"https:\/\/www.hrenko.hu\/tag\/webdesign\">#webdesign<\/a><\/li>\n                                                    <li class=\"list-inline-item\"><a href=\"https:\/\/www.hrenko.hu\/tag\/design\">#design<\/a><\/li>\n                                                    <li class=\"list-inline-item\"><a href=\"https:\/\/www.hrenko.hu\/tag\/webfejlesztes\">#webfejleszt\u00e9s<\/a><\/li>\n                                                    <li class=\"list-inline-item\"><a href=\"https:\/\/www.hrenko.hu\/tag\/trend\">#trend<\/a><\/li>\n                                                    <li class=\"list-inline-item\"><a href=\"https:\/\/www.hrenko.hu\/tag\/webdesign-trendek\">#webdesign trendek<\/a><\/li>\n                                                    <li class=\"list-inline-item\"><a href=\"https:\/\/www.hrenko.hu\/tag\/egyedi-fejlesztes\">#egyedi fejleszt\u00e9s<\/a><\/li>\n                                                    <li class=\"list-inline-item\"><a href=\"https:\/\/www.hrenko.hu\/tag\/egyedi-design\">#egyedi design<\/a><\/li>\n                                                            <\/ul>\n            <\/div>\n\n            <a href=\"https:\/\/www.hrenko.hu\/blog\/grafikai-es-webdesign-trendek-2024\">\n                <h4 class=\"post-box__title\">Grafikai \u00e9s webdesign trendek - 2024<\/h4>\n            <\/a>\n            <p> A 2024-es grafikai design trendekben a soksz\u00edn\u0171s\u00e9g \u00e9s az expresszivit\u00e1s kap hangs\u00falyt. Az idei \u00e9v f\u0151 jellemz\u0151i a teljess\u00e9g ig\u00e9nye n\u00e9lk\u00fcl: a t\u00f6k\u00e9letlen vagy befejezetlen elemek, v\u00e1zlatok \u00e9s egyenetlen text\u00far\u00e1k haszn\u00e1lata.   <a href=\"https:\/\/www.hrenko.hu\/blog\/grafikai-es-webdesign-trendek-2024\" class=\"font-weight-bold\">Tov\u00e1bb olvasom<\/a><\/p>\n        <\/article>\n    <\/div>\n    <div class=\"col mb--20 mb-lg--60\" data-animate=\"fadeInUp\">\n        <article class=\"post-box\">\n                        <a href=\"https:\/\/www.hrenko.hu\/blog\/10-design-szabaly-marketingeseknek\">\n                                <figure  style=\"background-image: url(https:\/\/www.hrenko.hu\/storage\/photos\/shares\/uploads\/blog\/9846e669-ba78-4814-85eb-0a1e486b991f.png)\" >\n                                                <img src=\"https:\/\/www.hrenko.hu\/storage\/photos\/shares\/uploads\/blog\/9846e669-ba78-4814-85eb-0a1e486b991f.png\" alt=\"\" title=\"\" \/>\n                            <\/figure>\n            <\/a>\n            <div class=\"post-box__meta text--sm\">\n                <time datetime=\"2020-10-12 06:37:26\">2020. 10. 12<\/time>\n                <ul class=\"d-inline list-inline mx-2\">\n                                                                        <li class=\"list-inline-item\"><a href=\"https:\/\/www.hrenko.hu\/tag\/design\">#design<\/a><\/li>\n                                                    <li class=\"list-inline-item\"><a href=\"https:\/\/www.hrenko.hu\/tag\/kozossegi-media-design\">#k\u00f6z\u00f6ss\u00e9gi m\u00e9dia design<\/a><\/li>\n                                                    <li class=\"list-inline-item\"><a href=\"https:\/\/www.hrenko.hu\/tag\/design-technikak\">#design technik\u00e1k<\/a><\/li>\n                                                            <\/ul>\n            <\/div>\n\n            <a href=\"https:\/\/www.hrenko.hu\/blog\/10-design-szabaly-marketingeseknek\">\n                <h4 class=\"post-box__title\">10 design-alapszab\u00e1ly marketingeseknek - INFOGRAFIKA<\/h4>\n            <\/a>\n            <p> Egy\u00e9rtelm\u0171, hogy a grafikai tervez\u00e9st \u00e9rdemes szakemberekre b\u00edzni, de minden marketinges \u00e9let\u00e9ben el\u0151fordult m\u00e1r olyan helyzet, hogy gyorsan \u00f6ssze kellett raknia valamit, hogy id\u0151ben kimehessen az a poszt, h\u00edrlev\u00e9l vagy aj\u00e1nlat. Most 10 hasznos alapszab\u00e1lyt mutatunk, amit a designban kev\u00e9sb\u00e9 j\u00e1rtas koll\u00e9g\u00e1knak is \u00e9rdemes betartani, hogy a lehet\u0151 le   <a href=\"https:\/\/www.hrenko.hu\/blog\/10-design-szabaly-marketingeseknek\" class=\"font-weight-bold\">Tov\u00e1bb olvasom<\/a><\/p>\n        <\/article>\n    <\/div>\n    <div class=\"col mb--20 mb-lg--60\" data-animate=\"fadeInUp\">\n        <article class=\"post-box\">\n                        <a href=\"https:\/\/www.hrenko.hu\/blog\/igy-integralj-akadalymentes-megoldasokat-surgos-projektekbe\">\n                                <figure  style=\"background-image: url(https:\/\/www.hrenko.hu\/storage\/photos\/shares\/uploads\/blog\/11db557c-74ae-42cd-9776-9799e38ffb85.png)\" >\n                                                <img src=\"https:\/\/www.hrenko.hu\/storage\/photos\/shares\/uploads\/blog\/11db557c-74ae-42cd-9776-9799e38ffb85.png\" alt=\"\" title=\"\" \/>\n                            <\/figure>\n            <\/a>\n            <div class=\"post-box__meta text--sm\">\n                <time datetime=\"2020-10-05 07:40:36\">2020. 10. 05<\/time>\n                <ul class=\"d-inline list-inline mx-2\">\n                                                                        <li class=\"list-inline-item\"><a href=\"https:\/\/www.hrenko.hu\/tag\/honlapkeszites\">#honlapk\u00e9sz\u00edt\u00e9s<\/a><\/li>\n                                                    <li class=\"list-inline-item\"><a href=\"https:\/\/www.hrenko.hu\/tag\/webfejlesztes\">#webfejleszt\u00e9s<\/a><\/li>\n                                                    <li class=\"list-inline-item\"><a href=\"https:\/\/www.hrenko.hu\/tag\/mobilbarat-weboldal\">#mobilbar\u00e1t weboldal<\/a><\/li>\n                                                            <\/ul>\n            <\/div>\n\n            <a href=\"https:\/\/www.hrenko.hu\/blog\/igy-integralj-akadalymentes-megoldasokat-surgos-projektekbe\">\n                <h4 class=\"post-box__title\">\u00cdgy integr\u00e1lj akad\u00e1lymentes megold\u00e1sokat a s\u00fcrg\u0151s projektekbe is<\/h4>\n            <\/a>\n            <p> A release-ig vezet\u0151 \u00fat, b\u00e1r \u00e9ppolyan g\u00f6r\u00f6ngy\u00f6s, mint r\u00e9gen, ma m\u00e1r egyre r\u00f6videbb - gyakran hetek-napok k\u00e9rd\u00e9se a kor\u00e1bban megszokott h\u00f3napok helyett. A weboldalak akad\u00e1lymentes\u00edt\u00e9se \u00edgy m\u00e9g nagyobb kih\u00edv\u00e1st jelent, \u00e9s persze k\u00f6nnyen legyinthet\u00fcnk r\u00e1 azzal, hogy t\u00fal sok \u00e9s t\u00fal speci\u00e1lis er\u0151forr\u00e1st jelentene - pedig ez nem \u00edgy van. A Facebook szak\u00e9r   <a href=\"https:\/\/www.hrenko.hu\/blog\/igy-integralj-akadalymentes-megoldasokat-surgos-projektekbe\" class=\"font-weight-bold\">Tov\u00e1bb olvasom<\/a><\/p>\n        <\/article>\n    <\/div>\n","page":1}