{"data":"<div class=\"col mb--20 mb-lg--60\" data-animate=\"fadeInUp\">\n        <article class=\"post-box\">\n                        <a href=\"https:\/\/www.hrenko.hu\/blog\/a-weboldal-kesz-de-mi-van-utana-a-support-szerzodes-jelentosege\">\n                                <figure  style=\"background-image: url(https:\/\/www.hrenko.hu\/storage\/photos\/shares\/blog\/website-support.jpg)\" >\n                                                <img src=\"https:\/\/www.hrenko.hu\/storage\/photos\/shares\/blog\/website-support.jpg\" alt=\"\" title=\"\" \/>\n                            <\/figure>\n            <\/a>\n            <div class=\"post-box__meta text--sm\">\n                <time datetime=\"2025-06-24 10:59:34\">2025. 06. 24<\/time>\n                <ul class=\"d-inline list-inline mx-2\">\n                                                                        <li class=\"list-inline-item\"><a href=\"https:\/\/www.hrenko.hu\/tag\/honlapkeszites\">#honlapk\u00e9sz\u00edt\u00e9s<\/a><\/li>\n                                                    <li class=\"list-inline-item\"><a href=\"https:\/\/www.hrenko.hu\/tag\/webfejlesztes\">#webfejleszt\u00e9s<\/a><\/li>\n                                                    <li class=\"list-inline-item\"><a href=\"https:\/\/www.hrenko.hu\/tag\/support-szerzodes\">#support szerz\u0151d\u00e9s<\/a><\/li>\n                                                    <li class=\"list-inline-item\"><a href=\"https:\/\/www.hrenko.hu\/tag\/karbantartas\">#karbantart\u00e1s<\/a><\/li>\n                                                            <\/ul>\n            <\/div>\n\n            <a href=\"https:\/\/www.hrenko.hu\/blog\/a-weboldal-kesz-de-mi-van-utana-a-support-szerzodes-jelentosege\">\n                <h4 class=\"post-box__title\">A weboldal k\u00e9sz, de mi van ut\u00e1na? A support szerz\u0151d\u00e9s jelent\u0151s\u00e9ge<\/h4>\n            <\/a>\n            <p> Amikor 2009-ben elind\u00edtottuk az \u00fcgyn\u00f6ks\u00e9g\u00fcnket, f\u0151k\u00e9nt kisebb v\u00e1llalkoz\u00e1soknak k\u00e9sz\u00edtett\u00fcnk weboldalakat. Akkoriban gyakran azzal a probl\u00e9m\u00e1val fordultak hozz\u00e1nk, hogy b\u00e1r m\u00e1r elk\u00e9sz\u00fclt a weboldaluk, m\u00e9gis egyed\u00fcl maradtak vele: a fejleszt\u0151j\u00fck elt\u0171nt, nem v\u00e1llalta a tov\u00e1bbi t\u00e1mogat\u00e1st, vagy egyszer\u0171en nem volt kapacit\u00e1sa a folyamatos karbantart\u00e1sra   <a href=\"https:\/\/www.hrenko.hu\/blog\/a-weboldal-kesz-de-mi-van-utana-a-support-szerzodes-jelentosege\" class=\"font-weight-bold\">Tov\u00e1bb olvasom<\/a><\/p>\n        <\/article>\n    <\/div>\n    <div class=\"col mb--20 mb-lg--60\" data-animate=\"fadeInUp\">\n        <article class=\"post-box\">\n                        <a href=\"https:\/\/www.hrenko.hu\/blog\/hogyan-epitettunk-webshopot-tobb-mint-1-millio-termekkel-igy-keszult-az-alkatreszekshophu\">\n                                <figure  style=\"background-image: url(https:\/\/www.hrenko.hu\/storage\/photos\/shares\/blog\/alaktreszshop-blog1727173832708.webp)\" >\n                                                <img src=\"https:\/\/www.hrenko.hu\/storage\/photos\/shares\/blog\/alaktreszshop-blog1727173832708.webp\" alt=\"\" title=\"\" \/>\n                            <\/figure>\n            <\/a>\n            <div class=\"post-box__meta text--sm\">\n                <time datetime=\"2024-09-24 12:59:19\">2024. 09. 24<\/time>\n                <ul class=\"d-inline list-inline mx-2\">\n                                                                        <li class=\"list-inline-item\"><a href=\"https:\/\/www.hrenko.hu\/tag\/webaruhaz\">#web\u00e1ruh\u00e1z<\/a><\/li>\n                                                    <li class=\"list-inline-item\"><a href=\"https:\/\/www.hrenko.hu\/tag\/webshop\">#webshop<\/a><\/li>\n                                                    <li class=\"list-inline-item\"><a href=\"https:\/\/www.hrenko.hu\/tag\/honlapkeszites\">#honlapk\u00e9sz\u00edt\u00e9s<\/a><\/li>\n                                                    <li class=\"list-inline-item\"><a href=\"https:\/\/www.hrenko.hu\/tag\/weboldalkeszites\">#weboldalk\u00e9sz\u00edt\u00e9s<\/a><\/li>\n                                                    <li class=\"list-inline-item\"><a href=\"https:\/\/www.hrenko.hu\/tag\/webfejlesztes\">#webfejleszt\u00e9s<\/a><\/li>\n                                                    <li class=\"list-inline-item\"><a href=\"https:\/\/www.hrenko.hu\/tag\/egyedi-fejlesztes\">#egyedi fejleszt\u00e9s<\/a><\/li>\n                                                            <\/ul>\n            <\/div>\n\n            <a href=\"https:\/\/www.hrenko.hu\/blog\/hogyan-epitettunk-webshopot-tobb-mint-1-millio-termekkel-igy-keszult-az-alkatreszekshophu\">\n                <h4 class=\"post-box__title\">Hogyan \u00e9p\u00edtett\u00fcnk webshopot t\u00f6bb mint 1 milli\u00f3 term\u00e9kkel - \u00edgy k\u00e9sz\u00fclt az alkatreszekshop.hu<\/h4>\n            <\/a>\n            <p> 2024 m\u00e1jusban kezdt\u00fck meg az egy\u00fcttm\u0171k\u00f6d\u00e9st a Rolan-Trencsik Kft.-vel.   <a href=\"https:\/\/www.hrenko.hu\/blog\/hogyan-epitettunk-webshopot-tobb-mint-1-millio-termekkel-igy-keszult-az-alkatreszekshophu\" class=\"font-weight-bold\">Tov\u00e1bb olvasom<\/a><\/p>\n        <\/article>\n    <\/div>\n    <div class=\"col mb--20 mb-lg--60\" data-animate=\"fadeInUp\">\n        <article class=\"post-box\">\n                        <a href=\"https:\/\/www.hrenko.hu\/blog\/sikeres-egyuttmukodes-a-zelemo-holding-zrt-vel\">\n                                <figure  style=\"background-image: url(https:\/\/www.hrenko.hu\/storage\/photos\/shares\/blog\/zelemo.webp)\" >\n                                                <img src=\"https:\/\/www.hrenko.hu\/storage\/photos\/shares\/blog\/zelemo.webp\" alt=\"\" title=\"\" \/>\n                            <\/figure>\n            <\/a>\n            <div class=\"post-box__meta text--sm\">\n                <time datetime=\"2024-07-26 09:53:53\">2024. 07. 26<\/time>\n                <ul class=\"d-inline list-inline mx-2\">\n                                                                        <li class=\"list-inline-item\"><a href=\"https:\/\/www.hrenko.hu\/tag\/honlapkeszites\">#honlapk\u00e9sz\u00edt\u00e9s<\/a><\/li>\n                                                    <li class=\"list-inline-item\"><a href=\"https:\/\/www.hrenko.hu\/tag\/weboldalkeszites\">#weboldalk\u00e9sz\u00edt\u00e9s<\/a><\/li>\n                                                    <li class=\"list-inline-item\"><a href=\"https:\/\/www.hrenko.hu\/tag\/egyedi-fejlesztes\">#egyedi fejleszt\u00e9s<\/a><\/li>\n                                                    <li class=\"list-inline-item\"><a href=\"https:\/\/www.hrenko.hu\/tag\/zelemo\">#zelemo<\/a><\/li>\n                                                            <\/ul>\n            <\/div>\n\n            <a href=\"https:\/\/www.hrenko.hu\/blog\/sikeres-egyuttmukodes-a-zelemo-holding-zrt-vel\">\n                <h4 class=\"post-box__title\">Sikeres egy\u00fcttm\u0171k\u00f6d\u00e9s a Zelemo Holding Zrt.-vel<\/h4>\n            <\/a>\n            <p> A digit\u00e1lis \u00fcgyn\u00f6ks\u00e9g\u00fcnk \u00e9s a Zelemo Holding Zrt. k\u00f6z\u00f6tti egy\u00fcttm\u0171k\u00f6d\u00e9s sor\u00e1n sz\u00e1mos izgalmas projektet val\u00f3s\u00edtottunk meg. A Zelemo, amely t\u00f6bb le\u00e1nyv\u00e1llalattal is rendelkezik, minket v\u00e1lasztott arculati elemeik \u00e9s weboldalaik meg\u00faj\u00edt\u00e1s\u00e1ra. Ez a k\u00f6z\u00f6s munka nemcsak a k\u00e9t v\u00e1llalat k\u00f6z\u00f6tti kapcsolatot er\u0151s\u00edtette meg, hanem sz\u00e1mos jelent\u0151s eredm\u00e9nyt i   <a href=\"https:\/\/www.hrenko.hu\/blog\/sikeres-egyuttmukodes-a-zelemo-holding-zrt-vel\" class=\"font-weight-bold\">Tov\u00e1bb olvasom<\/a><\/p>\n        <\/article>\n    <\/div>\n    <div class=\"col mb--20 mb-lg--60\" data-animate=\"fadeInUp\">\n        <article class=\"post-box\">\n                        <a href=\"https:\/\/www.hrenko.hu\/blog\/kotelezo-lesz-az-mpl-szallitas-a-webaruhazaknak\">\n                                <figure  style=\"background-image: url(https:\/\/www.hrenko.hu\/storage\/photos\/shares\/blog\/webshop-magyar-posta-egyedi-fejlesztes.webp)\" >\n                                                <img src=\"https:\/\/www.hrenko.hu\/storage\/photos\/shares\/blog\/webshop-magyar-posta-egyedi-fejlesztes.webp\" alt=\"\" title=\"\" \/>\n                            <\/figure>\n            <\/a>\n            <div class=\"post-box__meta text--sm\">\n                <time datetime=\"2024-03-11 16:57:04\">2024. 03. 11<\/time>\n                <ul class=\"d-inline list-inline mx-2\">\n                                                                        <li class=\"list-inline-item\"><a href=\"https:\/\/www.hrenko.hu\/tag\/webaruhaz\">#web\u00e1ruh\u00e1z<\/a><\/li>\n                                                    <li class=\"list-inline-item\"><a href=\"https:\/\/www.hrenko.hu\/tag\/webshop\">#webshop<\/a><\/li>\n                                                    <li class=\"list-inline-item\"><a href=\"https:\/\/www.hrenko.hu\/tag\/honlapkeszites\">#honlapk\u00e9sz\u00edt\u00e9s<\/a><\/li>\n                                                    <li class=\"list-inline-item\"><a href=\"https:\/\/www.hrenko.hu\/tag\/egyedi-fejlesztes\">#egyedi fejleszt\u00e9s<\/a><\/li>\n                                                            <\/ul>\n            <\/div>\n\n            <a href=\"https:\/\/www.hrenko.hu\/blog\/kotelezo-lesz-az-mpl-szallitas-a-webaruhazaknak\">\n                <h4 class=\"post-box__title\">K\u00f6telez\u0151 lesz az MPL sz\u00e1ll\u00edt\u00e1s a web\u00e1ruh\u00e1zaknak<\/h4>\n            <\/a>\n            <p> \u00daj korm\u00e1nyrendelet l\u00e9p \u00e9letbe 2024. m\u00e1rcius 28-\u00e1n, amely el\u0151\u00edrja a B2C web\u00e1ruh\u00e1zak sz\u00e1m\u00e1ra, hogy sz\u00e1ll\u00edt\u00e1si lehet\u0151s\u00e9geik k\u00f6z\u00f6tt a Magyar Posta szolg\u00e1ltat\u00f3t is felt\u00fcntess\u00e9k.   <a href=\"https:\/\/www.hrenko.hu\/blog\/kotelezo-lesz-az-mpl-szallitas-a-webaruhazaknak\" class=\"font-weight-bold\">Tov\u00e1bb olvasom<\/a><\/p>\n        <\/article>\n    <\/div>\n","page":1}